{"id":2750,"date":"2023-02-02T12:18:05","date_gmt":"2023-02-02T12:18:05","guid":{"rendered":"https:\/\/portal.weberberg.de\/index.php\/2023\/02\/02\/die-post-und-dhl-aber-argern-sie-sich-einfach-selbst\/"},"modified":"2024-04-21T15:02:13","modified_gmt":"2024-04-21T13:02:13","slug":"die-post-und-dhl-aber-argern-sie-sich-einfach-selbst","status":"publish","type":"post","link":"https:\/\/weberberg.de\/index.php\/2023\/02\/02\/die-post-und-dhl-aber-argern-sie-sich-einfach-selbst\/","title":{"rendered":"Die Post und DHL. Aber \u00e4rgern Sie sich einfach selbst."},"content":{"rendered":"<p>Post und DHL verschwinden aus Biberach. Das haben die Unternehmen dem <a href=\"https:\/\/www.swr.de\/swraktuell\/baden-wuerttemberg\/friedrichshafen\/post-und-dhl-ziehen-sich-aus-biberach-zurueck-100.html\">SWR<\/a> erkl\u00e4rt. Mit Schlie\u00dfung der Postbank wirds auch keine Hauptpoststelle mehr geben. Stattdessen gibt es dann nur noch die (so &#8222;perfekt&#8220; funktionierenden) Partnerfilialen. Die Stadt &#8211; so berichtet der SWR &#8211; und insbesondere Baub\u00fcrgermeister Kuhlmann habe sich bem\u00fcht die Abwanderung zu verhindern. Die Post und DHL bekleckern sich in den letzten Jahren nicht gerade mit Ruhm. Da werden Mitarbeiter angez\u00e4hlt weil sie vermeintlich zu oft krank waren, da werden unf\u00e4hige Austr\u00e4ger eingestellt die kaum deutsch k\u00f6nnen, die Bezahlung stimmt nicht usw. usw. Briefe verschwinden, Pakete &#8230; Ein Trauerspiel und man m\u00f6chte seine Wut gerne mal herausschreien. Leider trifft es dann oft die Falschen. Denn die Profitgier und das Missmanagement kommt nicht von Austr\u00e4gern und Boten, die Ursachen sind h\u00e4ufig eine Etage h\u00f6her zu finden. Was kann man tun? Demonstrieren? Protestieren? Eine Unterschriftenaktion? Eine Klebeaktion der letzten Postgeneration. Vielleicht. \u00a0Jedenfalls das \u00c4rgernis der Woche!<\/p>\n","protected":false},"excerpt":{"rendered":"<p>Post und DHL verschwinden aus Biberach. Das haben die Unternehmen dem SWR erkl\u00e4rt. Mit Schlie\u00dfung der Postbank wirds auch keine Hauptpoststelle mehr geben. Stattdessen gibt es dann nur noch die (so &#8222;perfekt&#8220; funktionierenden) Partnerfilialen. Die Stadt &#8211; so berichtet der SWR &#8211; und insbesondere Baub\u00fcrgermeister Kuhlmann habe sich bem\u00fcht die Abwanderung zu verhindern. Die Post und DHL bekleckern sich in den letzten Jahren nicht gerade mit Ruhm. Da werden Mitarbeiter angez\u00e4hlt weil sie vermeintlich zu oft krank waren, da werden unf\u00e4hige Austr\u00e4ger eingestellt die kaum deutsch k\u00f6nnen, die Bezahlung stimmt nicht usw. usw. Briefe verschwinden, Pakete &#8230; Ein Trauerspiel und<\/p>\n","protected":false},"author":1,"featured_media":2740,"comment_status":"open","ping_status":"open","sticky":false,"template":"","format":"standard","meta":{"footnotes":""},"categories":[31],"tags":[11],"class_list":["post-2750","post","type-post","status-publish","format-standard","has-post-thumbnail","hentry","category-news","tag-news"],"_links":{"self":[{"href":"https:\/\/weberberg.de\/index.php\/wp-json\/wp\/v2\/posts\/2750","targetHints":{"allow":["GET"]}}],"collection":[{"href":"https:\/\/weberberg.de\/index.php\/wp-json\/wp\/v2\/posts"}],"about":[{"href":"https:\/\/weberberg.de\/index.php\/wp-json\/wp\/v2\/types\/post"}],"author":[{"embeddable":true,"href":"https:\/\/weberberg.de\/index.php\/wp-json\/wp\/v2\/users\/1"}],"replies":[{"embeddable":true,"href":"https:\/\/weberberg.de\/index.php\/wp-json\/wp\/v2\/comments?post=2750"}],"version-history":[{"count":1,"href":"https:\/\/weberberg.de\/index.php\/wp-json\/wp\/v2\/posts\/2750\/revisions"}],"predecessor-version":[{"id":10613,"href":"https:\/\/weberberg.de\/index.php\/wp-json\/wp\/v2\/posts\/2750\/revisions\/10613"}],"wp:featuredmedia":[{"embeddable":true,"href":"https:\/\/weberberg.de\/index.php\/wp-json\/wp\/v2\/posts\/2740"}],"wp:attachment":[{"href":"https:\/\/weberberg.de\/index.php\/wp-json\/wp\/v2\/media?parent=2750"}],"wp:term":[{"taxonomy":"category","embeddable":true,"href":"https:\/\/weberberg.de\/index.php\/wp-json\/wp\/v2\/categories?post=2750"},{"taxonomy":"post_tag","embeddable":true,"href":"https:\/\/weberberg.de\/index.php\/wp-json\/wp\/v2\/tags?post=2750"}],"curies":[{"name":"wp","href":"https:\/\/api.w.org\/{rel}","templated":true}]}}