{"id":20271,"date":"2026-04-29T09:39:10","date_gmt":"2026-04-29T07:39:10","guid":{"rendered":"https:\/\/weberberg.de\/?p=20271"},"modified":"2026-04-29T09:39:11","modified_gmt":"2026-04-29T07:39:11","slug":"1915-uhr-biberach-an-der-riss","status":"publish","type":"post","link":"https:\/\/weberberg.de\/index.php\/2026\/04\/29\/1915-uhr-biberach-an-der-riss\/","title":{"rendered":"19:15 Uhr. Biberach an der Ri\u00df."},"content":{"rendered":"\n<p>Und ehrlich gesagt: Hier ist nichts los.<br>Kein Puls, keine Frequenz, kein echtes Stadtleben. Nur ein paar vereinzelte Schritte auf dem Pflaster, vereinzelte Stimmen \u2013 und dazwischen vor allem eines: Leere.\u00a0<\/p>\n\n\n\n<p>Solche Bilder sind kein \u00e4sthetischer Zufall, sie sind ein Zustand.<br>Dabei wei\u00df man l\u00e4ngst, was passiert. Studien, Konzepte, Workshops \u2013 alles liegt auf dem Tisch. Die Stadt hat ein eigenes Innenstadtkonzept, l\u00e4sst regelm\u00e4\u00dfig untersuchen, wie sich Handel und Aufenthaltsqualit\u00e4t entwickeln sollen. Programme wie \u201eDigital Handel(n)\u201c, Eventformate oder neue Nutzungsideen sind geplant oder angesto\u00dfen.\u00a0<br><br>Und trotzdem: Rund 20 Leerst\u00e4nde werden selbst in offiziellen Fortschreibungen benannt.<\/p>\n\n\n\n<p><br>Das Problem ist also nicht fehlendes Wissen. Es ist die Umsetzung. Oder vielleicht ehrlicher: das Tempo.<br>Denn w\u00e4hrend lokal noch geplant wird, passiert drau\u00dfen l\u00e4ngst der Strukturbruch. Deutschlandweit verschwinden jedes Jahr tausende Gesch\u00e4fte \u2013 allein 2026 sollen es rund 4.900 L\u00e4den weniger sein.&nbsp;<\/p>\n\n\n\n<p><br>Die Folge: weniger Gr\u00fcnde, \u00fcberhaupt noch in die Innenstadt zu gehen. Weniger Frequenz erzeugt noch weniger Frequenz. Ein stiller Kreislauf.<br><br>Und genau das sp\u00fcrt man hier.<br>Diese Art von Kleinstadt-Realit\u00e4t wird oft besch\u00f6nigt: \u201eruhig\u201c, \u201eentspannt\u201c, \u201eentschleunigt\u201c. Aber wenn um kurz nach sieben selbst in der besten Lage kaum noch Bewegung ist, dann ist das nicht Idylle \u2013 das ist ein Warnsignal.<\/p>\n\n\n\n<p><br>Denn moderne Innenstadtentwicklung funktioniert l\u00e4ngst nicht mehr \u00fcber Einzelhandel allein. Experten sprechen seit Jahren davon, dass Innenst\u00e4dte sich neu erfinden m\u00fcssen: mehr Wohnen, mehr Kultur, mehr Nutzungsmix, mehr Gr\u00fcnde zu bleiben \u2013 nicht nur zu kommen.&nbsp;<br><br>Die Wahrheit ist:<br>Solange diese Transformation nicht sichtbar im Alltag ankommt, bleiben solche Bilder Realit\u00e4t.<br>Biberach hat alles, was viele St\u00e4dte verloren haben: Geschichte, Struktur, Identit\u00e4t.<br>Aber genau das reicht heute nicht mehr.<br>Wenn Innenstadt nur Kulisse bleibt, wird sie irgendwann genau das:<br>sch\u00f6n \u2013 und leer.<br>19:15 Uhr in Biberach ist kein Moment.<br>Es ist ein Zustand.<\/p>\n\n\n\n<p>Danke an <strong>Tobi Meinhold<\/strong> f\u00fcr den Beitrag.<\/p>\n","protected":false},"excerpt":{"rendered":"<p>Und ehrlich gesagt: Hier ist nichts los.Kein Puls, keine Frequenz, kein echtes Stadtleben. Nur ein paar vereinzelte Schritte auf dem Pflaster, vereinzelte Stimmen \u2013 und dazwischen vor allem eines: Leere.\u00a0 Solche Bilder sind kein \u00e4sthetischer Zufall, sie sind ein Zustand.Dabei wei\u00df man l\u00e4ngst, was passiert. Studien, Konzepte, Workshops \u2013 alles liegt auf dem Tisch. Die Stadt hat ein eigenes Innenstadtkonzept, l\u00e4sst regelm\u00e4\u00dfig untersuchen, wie sich Handel und Aufenthaltsqualit\u00e4t entwickeln sollen. Programme wie \u201eDigital Handel(n)\u201c, Eventformate oder neue Nutzungsideen sind geplant oder angesto\u00dfen.\u00a0 Und trotzdem: Rund 20 Leerst\u00e4nde werden selbst in offiziellen Fortschreibungen benannt. Das Problem ist also nicht fehlendes Wissen.<\/p>\n","protected":false},"author":2,"featured_media":20272,"comment_status":"open","ping_status":"open","sticky":false,"template":"","format":"standard","meta":{"footnotes":""},"categories":[35],"tags":[],"class_list":["post-20271","post","type-post","status-publish","format-standard","has-post-thumbnail","hentry","category-stadtkultur"],"_links":{"self":[{"href":"https:\/\/weberberg.de\/index.php\/wp-json\/wp\/v2\/posts\/20271","targetHints":{"allow":["GET"]}}],"collection":[{"href":"https:\/\/weberberg.de\/index.php\/wp-json\/wp\/v2\/posts"}],"about":[{"href":"https:\/\/weberberg.de\/index.php\/wp-json\/wp\/v2\/types\/post"}],"author":[{"embeddable":true,"href":"https:\/\/weberberg.de\/index.php\/wp-json\/wp\/v2\/users\/2"}],"replies":[{"embeddable":true,"href":"https:\/\/weberberg.de\/index.php\/wp-json\/wp\/v2\/comments?post=20271"}],"version-history":[{"count":1,"href":"https:\/\/weberberg.de\/index.php\/wp-json\/wp\/v2\/posts\/20271\/revisions"}],"predecessor-version":[{"id":20273,"href":"https:\/\/weberberg.de\/index.php\/wp-json\/wp\/v2\/posts\/20271\/revisions\/20273"}],"wp:featuredmedia":[{"embeddable":true,"href":"https:\/\/weberberg.de\/index.php\/wp-json\/wp\/v2\/media\/20272"}],"wp:attachment":[{"href":"https:\/\/weberberg.de\/index.php\/wp-json\/wp\/v2\/media?parent=20271"}],"wp:term":[{"taxonomy":"category","embeddable":true,"href":"https:\/\/weberberg.de\/index.php\/wp-json\/wp\/v2\/categories?post=20271"},{"taxonomy":"post_tag","embeddable":true,"href":"https:\/\/weberberg.de\/index.php\/wp-json\/wp\/v2\/tags?post=20271"}],"curies":[{"name":"wp","href":"https:\/\/api.w.org\/{rel}","templated":true}]}}