{"id":20268,"date":"2026-04-29T09:33:13","date_gmt":"2026-04-29T07:33:13","guid":{"rendered":"https:\/\/weberberg.de\/?p=20268"},"modified":"2026-04-29T09:33:14","modified_gmt":"2026-04-29T07:33:14","slug":"kunst-am-bahnhof","status":"publish","type":"post","link":"https:\/\/weberberg.de\/index.php\/2026\/04\/29\/kunst-am-bahnhof\/","title":{"rendered":"Kunst am Bahnhof"},"content":{"rendered":"\n<p>Da am Vortag (sprich gestern) die Strecke Biberach &#8211; Ulm durch eine defekte Weiche in Erbach ca 70 Minuten blockiert war, bestand die M\u00f6glichkeit,\u00a0 die bereits am Montag vorgestellte Situation (Fliegender M\u00fcll im Baum) am Biberacher Bahnhof intensiv zu betrachten. Wahrscheinlich handelt es sich nicht um eine innovative Form der M\u00fcllentsorgung. Ger\u00fcchteweise handelt es sich vielmehr um eine Open Air Popup Installation einer K\u00fcnstlergruppe (Notname &#8222;Steig 19&#8220;), die sich das Bahnhofsareal zur Wirkst\u00e4tte ausgeschaut hat. Vermutete Mitglieder von Steig 19 reagierten auf Anfrage, freundlich formuliert, unwirsch. Gelegentliche Happenings, auch unter Beteiligung der Blaulichtfamilie, wurden nicht best\u00e4tigt.<\/p>\n\n\n\n<p>Allf\u00e4llige Unterbrechungen des Eisenbahnverkehrs schaffen gute M\u00f6glichkeiten, das weitere Werden des Kunstwerkes zu begleiten.<\/p>\n\n\n\n<p>Beitrag: Egon Cappa<\/p>\n","protected":false},"excerpt":{"rendered":"<p>Da am Vortag (sprich gestern) die Strecke Biberach &#8211; Ulm durch eine defekte Weiche in Erbach ca 70 Minuten blockiert war, bestand die M\u00f6glichkeit,\u00a0 die bereits am Montag vorgestellte Situation (Fliegender M\u00fcll im Baum) am Biberacher Bahnhof intensiv zu betrachten. Wahrscheinlich handelt es sich nicht um eine innovative Form der M\u00fcllentsorgung. Ger\u00fcchteweise handelt es sich vielmehr um eine Open Air Popup Installation einer K\u00fcnstlergruppe (Notname &#8222;Steig 19&#8220;), die sich das Bahnhofsareal zur Wirkst\u00e4tte ausgeschaut hat. Vermutete Mitglieder von Steig 19 reagierten auf Anfrage, freundlich formuliert, unwirsch. Gelegentliche Happenings, auch unter Beteiligung der Blaulichtfamilie, wurden nicht best\u00e4tigt. Allf\u00e4llige Unterbrechungen des Eisenbahnverkehrs<\/p>\n","protected":false},"author":2,"featured_media":20269,"comment_status":"open","ping_status":"open","sticky":false,"template":"","format":"standard","meta":{"footnotes":""},"categories":[32],"tags":[],"class_list":["post-20268","post","type-post","status-publish","format-standard","has-post-thumbnail","hentry","category-vor_ort"],"_links":{"self":[{"href":"https:\/\/weberberg.de\/index.php\/wp-json\/wp\/v2\/posts\/20268","targetHints":{"allow":["GET"]}}],"collection":[{"href":"https:\/\/weberberg.de\/index.php\/wp-json\/wp\/v2\/posts"}],"about":[{"href":"https:\/\/weberberg.de\/index.php\/wp-json\/wp\/v2\/types\/post"}],"author":[{"embeddable":true,"href":"https:\/\/weberberg.de\/index.php\/wp-json\/wp\/v2\/users\/2"}],"replies":[{"embeddable":true,"href":"https:\/\/weberberg.de\/index.php\/wp-json\/wp\/v2\/comments?post=20268"}],"version-history":[{"count":1,"href":"https:\/\/weberberg.de\/index.php\/wp-json\/wp\/v2\/posts\/20268\/revisions"}],"predecessor-version":[{"id":20270,"href":"https:\/\/weberberg.de\/index.php\/wp-json\/wp\/v2\/posts\/20268\/revisions\/20270"}],"wp:featuredmedia":[{"embeddable":true,"href":"https:\/\/weberberg.de\/index.php\/wp-json\/wp\/v2\/media\/20269"}],"wp:attachment":[{"href":"https:\/\/weberberg.de\/index.php\/wp-json\/wp\/v2\/media?parent=20268"}],"wp:term":[{"taxonomy":"category","embeddable":true,"href":"https:\/\/weberberg.de\/index.php\/wp-json\/wp\/v2\/categories?post=20268"},{"taxonomy":"post_tag","embeddable":true,"href":"https:\/\/weberberg.de\/index.php\/wp-json\/wp\/v2\/tags?post=20268"}],"curies":[{"name":"wp","href":"https:\/\/api.w.org\/{rel}","templated":true}]}}