{"id":20254,"date":"2026-04-27T12:45:35","date_gmt":"2026-04-27T10:45:35","guid":{"rendered":"https:\/\/weberberg.de\/?p=20254"},"modified":"2026-04-27T12:45:36","modified_gmt":"2026-04-27T10:45:36","slug":"trendy-baumverschoenerung-am-bsz-und-am-bahnhof-oberleitung-ade","status":"publish","type":"post","link":"https:\/\/weberberg.de\/index.php\/2026\/04\/27\/trendy-baumverschoenerung-am-bsz-und-am-bahnhof-oberleitung-ade\/","title":{"rendered":"Trendy: Baumversch\u00f6nerung am BSZ und am Bahnhof &#8211; Oberleitung ade!"},"content":{"rendered":"\n<p>Zun\u00e4chst ein Herzliches Dankesch\u00f6n an weberberg.de Leser T.F.. Er hat uns das h\u00fcbsche Bild vom Biberacher Bahnhof geschickt. Redaktionsfee Amelie Pachulke, ansonsten auch gern mal im Caf\u00e9 Analog zu Gast (so das ist jetzt endlich auch mal unters Volk gebracht!) vermutet schwer dass T.F. wegen der besch\u00e4digten Oberleitung (St\u00f6rung h\u00e4lt noch an, mit Versp\u00e4tungen muss gerechnet werden) nichts besseres zu tun hatte, als Fotos zu schie\u00dfen!<\/p>\n\n\n\n<p>Kurzum der Trend \u00fcberfl\u00fcssigen M\u00fcll einfach an B\u00e4ume oder Z\u00e4une zu h\u00e4ngen k\u00f6nnte ein ganz neues Styling Feeling f\u00fcr Biberach r\u00fcberbringen.<\/p>\n","protected":false},"excerpt":{"rendered":"<p>Zun\u00e4chst ein Herzliches Dankesch\u00f6n an weberberg.de Leser T.F.. Er hat uns das h\u00fcbsche Bild vom Biberacher Bahnhof geschickt. Redaktionsfee Amelie Pachulke, ansonsten auch gern mal im Caf\u00e9 Analog zu Gast (so das ist jetzt endlich auch mal unters Volk gebracht!) vermutet schwer dass T.F. wegen der besch\u00e4digten Oberleitung (St\u00f6rung h\u00e4lt noch an, mit Versp\u00e4tungen muss gerechnet werden) nichts besseres zu tun hatte, als Fotos zu schie\u00dfen! Kurzum der Trend \u00fcberfl\u00fcssigen M\u00fcll einfach an B\u00e4ume oder Z\u00e4une zu h\u00e4ngen k\u00f6nnte ein ganz neues Styling Feeling f\u00fcr Biberach r\u00fcberbringen.<\/p>\n","protected":false},"author":2,"featured_media":20255,"comment_status":"open","ping_status":"open","sticky":false,"template":"","format":"standard","meta":{"footnotes":""},"categories":[32],"tags":[],"class_list":["post-20254","post","type-post","status-publish","format-standard","has-post-thumbnail","hentry","category-vor_ort"],"_links":{"self":[{"href":"https:\/\/weberberg.de\/index.php\/wp-json\/wp\/v2\/posts\/20254","targetHints":{"allow":["GET"]}}],"collection":[{"href":"https:\/\/weberberg.de\/index.php\/wp-json\/wp\/v2\/posts"}],"about":[{"href":"https:\/\/weberberg.de\/index.php\/wp-json\/wp\/v2\/types\/post"}],"author":[{"embeddable":true,"href":"https:\/\/weberberg.de\/index.php\/wp-json\/wp\/v2\/users\/2"}],"replies":[{"embeddable":true,"href":"https:\/\/weberberg.de\/index.php\/wp-json\/wp\/v2\/comments?post=20254"}],"version-history":[{"count":1,"href":"https:\/\/weberberg.de\/index.php\/wp-json\/wp\/v2\/posts\/20254\/revisions"}],"predecessor-version":[{"id":20256,"href":"https:\/\/weberberg.de\/index.php\/wp-json\/wp\/v2\/posts\/20254\/revisions\/20256"}],"wp:featuredmedia":[{"embeddable":true,"href":"https:\/\/weberberg.de\/index.php\/wp-json\/wp\/v2\/media\/20255"}],"wp:attachment":[{"href":"https:\/\/weberberg.de\/index.php\/wp-json\/wp\/v2\/media?parent=20254"}],"wp:term":[{"taxonomy":"category","embeddable":true,"href":"https:\/\/weberberg.de\/index.php\/wp-json\/wp\/v2\/categories?post=20254"},{"taxonomy":"post_tag","embeddable":true,"href":"https:\/\/weberberg.de\/index.php\/wp-json\/wp\/v2\/tags?post=20254"}],"curies":[{"name":"wp","href":"https:\/\/api.w.org\/{rel}","templated":true}]}}