{"id":19973,"date":"2026-03-31T12:56:32","date_gmt":"2026-03-31T10:56:32","guid":{"rendered":"https:\/\/weberberg.de\/?p=19973"},"modified":"2026-03-31T12:56:32","modified_gmt":"2026-03-31T10:56:32","slug":"metzgerei-koch-am-marktplatz-geschichte","status":"publish","type":"post","link":"https:\/\/weberberg.de\/index.php\/2026\/03\/31\/metzgerei-koch-am-marktplatz-geschichte\/","title":{"rendered":"Metzgerei Koch am Marktplatz&#8230; Geschichte?"},"content":{"rendered":"\n<p>Eigentlich klang es ganz verhei\u00dfungsvoll: Wenn die Metzgerei Koch am Marktplatz geht, \u00fcbernimmt ein anderer das Gesch\u00e4ft und verkauft weiterhin Fleischwaren plus etwas Fisch. Seit zwei Wochen nun steht das halbe Gesch\u00e4ft leer. Die B\u00e4ckerei Keim ist weiterhin vertreten, das Brutzeleck ebenfalls, aber die Fleischtheke ist leer. Die Angestellten vor Ort sind ratlos, die potentiellen Kunden auch. Was geht? <\/p>\n","protected":false},"excerpt":{"rendered":"<p>Eigentlich klang es ganz verhei\u00dfungsvoll: Wenn die Metzgerei Koch am Marktplatz geht, \u00fcbernimmt ein anderer das Gesch\u00e4ft und verkauft weiterhin Fleischwaren plus etwas Fisch. Seit zwei Wochen nun steht das halbe Gesch\u00e4ft leer. Die B\u00e4ckerei Keim ist weiterhin vertreten, das Brutzeleck ebenfalls, aber die Fleischtheke ist leer. Die Angestellten vor Ort sind ratlos, die potentiellen Kunden auch. Was geht?<\/p>\n","protected":false},"author":2,"featured_media":0,"comment_status":"open","ping_status":"open","sticky":false,"template":"","format":"standard","meta":{"footnotes":""},"categories":[32],"tags":[],"class_list":["post-19973","post","type-post","status-publish","format-standard","hentry","category-vor_ort"],"_links":{"self":[{"href":"https:\/\/weberberg.de\/index.php\/wp-json\/wp\/v2\/posts\/19973","targetHints":{"allow":["GET"]}}],"collection":[{"href":"https:\/\/weberberg.de\/index.php\/wp-json\/wp\/v2\/posts"}],"about":[{"href":"https:\/\/weberberg.de\/index.php\/wp-json\/wp\/v2\/types\/post"}],"author":[{"embeddable":true,"href":"https:\/\/weberberg.de\/index.php\/wp-json\/wp\/v2\/users\/2"}],"replies":[{"embeddable":true,"href":"https:\/\/weberberg.de\/index.php\/wp-json\/wp\/v2\/comments?post=19973"}],"version-history":[{"count":1,"href":"https:\/\/weberberg.de\/index.php\/wp-json\/wp\/v2\/posts\/19973\/revisions"}],"predecessor-version":[{"id":19974,"href":"https:\/\/weberberg.de\/index.php\/wp-json\/wp\/v2\/posts\/19973\/revisions\/19974"}],"wp:attachment":[{"href":"https:\/\/weberberg.de\/index.php\/wp-json\/wp\/v2\/media?parent=19973"}],"wp:term":[{"taxonomy":"category","embeddable":true,"href":"https:\/\/weberberg.de\/index.php\/wp-json\/wp\/v2\/categories?post=19973"},{"taxonomy":"post_tag","embeddable":true,"href":"https:\/\/weberberg.de\/index.php\/wp-json\/wp\/v2\/tags?post=19973"}],"curies":[{"name":"wp","href":"https:\/\/api.w.org\/{rel}","templated":true}]}}