{"id":19955,"date":"2026-03-27T14:19:05","date_gmt":"2026-03-27T12:19:05","guid":{"rendered":"https:\/\/weberberg.de\/?p=19955"},"modified":"2026-03-27T14:19:07","modified_gmt":"2026-03-27T12:19:07","slug":"erstes-deutsches-ki-filmfestival-parallel-zu-den-biberacher-filmfestspielen-kurator-ki-filmpionier-marcel-barsotti","status":"publish","type":"post","link":"https:\/\/weberberg.de\/index.php\/2026\/03\/27\/erstes-deutsches-ki-filmfestival-parallel-zu-den-biberacher-filmfestspielen-kurator-ki-filmpionier-marcel-barsotti\/","title":{"rendered":"Erstes deutsches KI Filmfestival parallel zu den Biberacher Filmfestspielen &#8211; Kurator KI Filmpionier Marcel Barsotti"},"content":{"rendered":"\n<p>Parallel zu den Biberacher Filmfestspielen Ende Oktober bis 1. November findet in der Biberacher Stadtbuchhandlung das erste deutsche KI Filmfestival statt. In einer Pressekonferenz haben heute Corinna Palm, Tobias Meinhold und Uli St\u00f6ckle das Projekt vorgestellt. Als Kurator wurde f\u00fcr das Festival Marcel Barsotti gewonnen. Zielsetzung ist das Thema KI im Film erg\u00e4nzend zu den Filmfestspielen ins Gespr\u00e4ch zu bringen und Diskussionen anzuregen.<\/p>\n\n\n\n<p>Geplant sind Workshops und internationale Wettbewerbe, es sollen ein Hauptpreis, ein zweiter Preis und ein Nachwuchspreis f\u00fcr Sch\u00fcler vergeben werden. Einreichungen sind ab sofort m\u00f6glich unter <a href=\"http:\/\/www.ki-filmfestival.eu\">www.ki-filmfestival.eu<\/a> &#8211; Eine englischsprachige Version der Webseite folgt. Das Grusswort von KI Filmemacher Marcel Barsotti:<\/p>\n\n\n\n<figure class=\"wp-block-video\"><video height=\"720\" style=\"aspect-ratio: 1280 \/ 720;\" width=\"1280\" controls src=\"https:\/\/weberberg.de\/wp-content\/uploads\/2026\/03\/Grusswort.mp4\"><\/video><\/figure>\n","protected":false},"excerpt":{"rendered":"<p>Parallel zu den Biberacher Filmfestspielen Ende Oktober bis 1. November findet in der Biberacher Stadtbuchhandlung das erste deutsche KI Filmfestival statt. In einer Pressekonferenz haben heute Corinna Palm, Tobias Meinhold und Uli St\u00f6ckle das Projekt vorgestellt. Als Kurator wurde f\u00fcr das Festival Marcel Barsotti gewonnen. Zielsetzung ist das Thema KI im Film erg\u00e4nzend zu den Filmfestspielen ins Gespr\u00e4ch zu bringen und Diskussionen anzuregen. Geplant sind Workshops und internationale Wettbewerbe, es sollen ein Hauptpreis, ein zweiter Preis und ein Nachwuchspreis f\u00fcr Sch\u00fcler vergeben werden. Einreichungen sind ab sofort m\u00f6glich unter www.ki-filmfestival.eu &#8211; Eine englischsprachige Version der Webseite folgt. Das Grusswort von<\/p>\n","protected":false},"author":2,"featured_media":19956,"comment_status":"open","ping_status":"open","sticky":false,"template":"","format":"standard","meta":{"footnotes":""},"categories":[35],"tags":[],"class_list":["post-19955","post","type-post","status-publish","format-standard","has-post-thumbnail","hentry","category-stadtkultur"],"_links":{"self":[{"href":"https:\/\/weberberg.de\/index.php\/wp-json\/wp\/v2\/posts\/19955","targetHints":{"allow":["GET"]}}],"collection":[{"href":"https:\/\/weberberg.de\/index.php\/wp-json\/wp\/v2\/posts"}],"about":[{"href":"https:\/\/weberberg.de\/index.php\/wp-json\/wp\/v2\/types\/post"}],"author":[{"embeddable":true,"href":"https:\/\/weberberg.de\/index.php\/wp-json\/wp\/v2\/users\/2"}],"replies":[{"embeddable":true,"href":"https:\/\/weberberg.de\/index.php\/wp-json\/wp\/v2\/comments?post=19955"}],"version-history":[{"count":1,"href":"https:\/\/weberberg.de\/index.php\/wp-json\/wp\/v2\/posts\/19955\/revisions"}],"predecessor-version":[{"id":19958,"href":"https:\/\/weberberg.de\/index.php\/wp-json\/wp\/v2\/posts\/19955\/revisions\/19958"}],"wp:featuredmedia":[{"embeddable":true,"href":"https:\/\/weberberg.de\/index.php\/wp-json\/wp\/v2\/media\/19956"}],"wp:attachment":[{"href":"https:\/\/weberberg.de\/index.php\/wp-json\/wp\/v2\/media?parent=19955"}],"wp:term":[{"taxonomy":"category","embeddable":true,"href":"https:\/\/weberberg.de\/index.php\/wp-json\/wp\/v2\/categories?post=19955"},{"taxonomy":"post_tag","embeddable":true,"href":"https:\/\/weberberg.de\/index.php\/wp-json\/wp\/v2\/tags?post=19955"}],"curies":[{"name":"wp","href":"https:\/\/api.w.org\/{rel}","templated":true}]}}