{"id":19945,"date":"2026-03-24T12:11:23","date_gmt":"2026-03-24T10:11:23","guid":{"rendered":"https:\/\/weberberg.de\/?p=19945"},"modified":"2026-03-24T12:11:44","modified_gmt":"2026-03-24T10:11:44","slug":"wenn-ein-provisorium-dauerhaft-provisorisch-bleibt-die-riedlingerstrasse","status":"publish","type":"post","link":"https:\/\/weberberg.de\/index.php\/2026\/03\/24\/wenn-ein-provisorium-dauerhaft-provisorisch-bleibt-die-riedlingerstrasse\/","title":{"rendered":"Wenn ein Provisorium dauerhaft provisorisch bleibt&#8230; Die Riedlingerstrasse."},"content":{"rendered":"\n<p>Ja was dann? Geht da dann vielleicht was kaputt? K\u00f6nnte. Muss nat\u00fcrlich nicht. Erste Frage an Radio Eriwan: Wie geht es nun eigentlich an der Riedlinger Stra\u00dfe weiter? Geht es \u00fcberhaupt weiter? Und wenn ja wann? Noch, so hei\u00dft es, sei der Stra\u00dfenbelag ja nur provisorisch. Darunter sind zwar neue Leitungen verlegt, aber eigentlich sollte jetzt im Fr\u00fchjahr die Stra\u00dfe weitergebaut werden. <\/p>\n\n\n\n<p>Gelegenheitsbauingenieure und skeptische Beobachter aus dem Fachbereich Streetview (nicht verwandt oder verschw\u00e4gert mit Google) bef\u00fcrchten dass ein provisorischer Stra\u00dfenbelag die neu verlegten Rohre und Leitungen auf Dauer nicht sch\u00fctzt, sondern im Gegenteil besch\u00e4digt. Ein ehemaliger LKW Fahrer &#8211; der weberberg.de Redaktion namentlich bekannt &#8211; best\u00e4tigt, dass schon ein 20 oder 30 Tonner sich auf provisorischem Stra\u00dfenbelag verh\u00e4lt wie ein R\u00fcttler und den Untergrund nicht nur unregelm\u00e4\u00dfig verdichtet sondern eben auch r\u00fcttelt. Das k\u00f6nnte auf Dauer doch die &#8222;frischen&#8220; Leitungen wieder ins Jenseits bef\u00f6rdern. Verschw\u00f6rungstheorie oder wahrer Kern? Sicher ein Fall f\u00fcr unsere Gemeinder\u00e4te.  <\/p>\n\n\n\n<p>  <\/p>\n","protected":false},"excerpt":{"rendered":"<p>Ja was dann? Geht da dann vielleicht was kaputt? K\u00f6nnte. Muss nat\u00fcrlich nicht. Erste Frage an Radio Eriwan: Wie geht es nun eigentlich an der Riedlinger Stra\u00dfe weiter? Geht es \u00fcberhaupt weiter? Und wenn ja wann? Noch, so hei\u00dft es, sei der Stra\u00dfenbelag ja nur provisorisch. Darunter sind zwar neue Leitungen verlegt, aber eigentlich sollte jetzt im Fr\u00fchjahr die Stra\u00dfe weitergebaut werden. Gelegenheitsbauingenieure und skeptische Beobachter aus dem Fachbereich Streetview (nicht verwandt oder verschw\u00e4gert mit Google) bef\u00fcrchten dass ein provisorischer Stra\u00dfenbelag die neu verlegten Rohre und Leitungen auf Dauer nicht sch\u00fctzt, sondern im Gegenteil besch\u00e4digt. Ein ehemaliger LKW Fahrer &#8211;<\/p>\n","protected":false},"author":2,"featured_media":0,"comment_status":"open","ping_status":"open","sticky":false,"template":"","format":"standard","meta":{"footnotes":""},"categories":[32],"tags":[],"class_list":["post-19945","post","type-post","status-publish","format-standard","hentry","category-vor_ort"],"_links":{"self":[{"href":"https:\/\/weberberg.de\/index.php\/wp-json\/wp\/v2\/posts\/19945","targetHints":{"allow":["GET"]}}],"collection":[{"href":"https:\/\/weberberg.de\/index.php\/wp-json\/wp\/v2\/posts"}],"about":[{"href":"https:\/\/weberberg.de\/index.php\/wp-json\/wp\/v2\/types\/post"}],"author":[{"embeddable":true,"href":"https:\/\/weberberg.de\/index.php\/wp-json\/wp\/v2\/users\/2"}],"replies":[{"embeddable":true,"href":"https:\/\/weberberg.de\/index.php\/wp-json\/wp\/v2\/comments?post=19945"}],"version-history":[{"count":2,"href":"https:\/\/weberberg.de\/index.php\/wp-json\/wp\/v2\/posts\/19945\/revisions"}],"predecessor-version":[{"id":19948,"href":"https:\/\/weberberg.de\/index.php\/wp-json\/wp\/v2\/posts\/19945\/revisions\/19948"}],"wp:attachment":[{"href":"https:\/\/weberberg.de\/index.php\/wp-json\/wp\/v2\/media?parent=19945"}],"wp:term":[{"taxonomy":"category","embeddable":true,"href":"https:\/\/weberberg.de\/index.php\/wp-json\/wp\/v2\/categories?post=19945"},{"taxonomy":"post_tag","embeddable":true,"href":"https:\/\/weberberg.de\/index.php\/wp-json\/wp\/v2\/tags?post=19945"}],"curies":[{"name":"wp","href":"https:\/\/api.w.org\/{rel}","templated":true}]}}