{"id":19942,"date":"2026-03-24T10:42:25","date_gmt":"2026-03-24T08:42:25","guid":{"rendered":"https:\/\/weberberg.de\/?p=19942"},"modified":"2026-03-24T10:42:26","modified_gmt":"2026-03-24T08:42:26","slug":"der-circus-krone-und-das-landesjazzfest","status":"publish","type":"post","link":"https:\/\/weberberg.de\/index.php\/2026\/03\/24\/der-circus-krone-und-das-landesjazzfest\/","title":{"rendered":"Der Circus Krone und das Landesjazzfest"},"content":{"rendered":"\n<p>Nun k\u00f6nnte man nat\u00fcrlich sagen, das tut sich gegenseitig nicht weh. Aber so ganz trifft das wohl doch nicht. Ausgerechnet w\u00e4hrend des Landesjazzfestes in Biberach vom 10.- 26. April gastiert der Circus Krone auf dem Gigelberg, n\u00e4mlich vom 16. &#8211; 19. April. <\/p>\n\n\n\n<p>W\u00e4re es so, dass Biberach regelm\u00e4\u00dfig von gro\u00dfkulturellen Veranstaltungen zugepflastert w\u00e4re und die kulturbeflissene Bev\u00f6lkerung im Geld nur so schwimmen w\u00fcrde, dann w\u00e4re das m\u00f6glicherweise kein Problem. Angesichts teurer Tickets und knapp kalkulierender Veranstalter und auch nicht gerade im \u00dcberfluss lebender K\u00fcnstler ist dieses Aufeinandertreffen eher bedauerlich und man kann nur hoffen, dass es f\u00fcr die Beteiligten finanziell nicht zu schmerzhaft wird.  <\/p>\n","protected":false},"excerpt":{"rendered":"<p>Nun k\u00f6nnte man nat\u00fcrlich sagen, das tut sich gegenseitig nicht weh. Aber so ganz trifft das wohl doch nicht. Ausgerechnet w\u00e4hrend des Landesjazzfestes in Biberach vom 10.- 26. April gastiert der Circus Krone auf dem Gigelberg, n\u00e4mlich vom 16. &#8211; 19. April. W\u00e4re es so, dass Biberach regelm\u00e4\u00dfig von gro\u00dfkulturellen Veranstaltungen zugepflastert w\u00e4re und die kulturbeflissene Bev\u00f6lkerung im Geld nur so schwimmen w\u00fcrde, dann w\u00e4re das m\u00f6glicherweise kein Problem. Angesichts teurer Tickets und knapp kalkulierender Veranstalter und auch nicht gerade im \u00dcberfluss lebender K\u00fcnstler ist dieses Aufeinandertreffen eher bedauerlich und man kann nur hoffen, dass es f\u00fcr die Beteiligten finanziell<\/p>\n","protected":false},"author":2,"featured_media":0,"comment_status":"open","ping_status":"open","sticky":false,"template":"","format":"standard","meta":{"footnotes":""},"categories":[33],"tags":[],"class_list":["post-19942","post","type-post","status-publish","format-standard","hentry","category-events"],"_links":{"self":[{"href":"https:\/\/weberberg.de\/index.php\/wp-json\/wp\/v2\/posts\/19942","targetHints":{"allow":["GET"]}}],"collection":[{"href":"https:\/\/weberberg.de\/index.php\/wp-json\/wp\/v2\/posts"}],"about":[{"href":"https:\/\/weberberg.de\/index.php\/wp-json\/wp\/v2\/types\/post"}],"author":[{"embeddable":true,"href":"https:\/\/weberberg.de\/index.php\/wp-json\/wp\/v2\/users\/2"}],"replies":[{"embeddable":true,"href":"https:\/\/weberberg.de\/index.php\/wp-json\/wp\/v2\/comments?post=19942"}],"version-history":[{"count":1,"href":"https:\/\/weberberg.de\/index.php\/wp-json\/wp\/v2\/posts\/19942\/revisions"}],"predecessor-version":[{"id":19943,"href":"https:\/\/weberberg.de\/index.php\/wp-json\/wp\/v2\/posts\/19942\/revisions\/19943"}],"wp:attachment":[{"href":"https:\/\/weberberg.de\/index.php\/wp-json\/wp\/v2\/media?parent=19942"}],"wp:term":[{"taxonomy":"category","embeddable":true,"href":"https:\/\/weberberg.de\/index.php\/wp-json\/wp\/v2\/categories?post=19942"},{"taxonomy":"post_tag","embeddable":true,"href":"https:\/\/weberberg.de\/index.php\/wp-json\/wp\/v2\/tags?post=19942"}],"curies":[{"name":"wp","href":"https:\/\/api.w.org\/{rel}","templated":true}]}}