{"id":19831,"date":"2026-03-09T10:36:05","date_gmt":"2026-03-09T08:36:05","guid":{"rendered":"https:\/\/weberberg.de\/?p=19831"},"modified":"2026-03-09T10:36:06","modified_gmt":"2026-03-09T08:36:06","slug":"biberach-und-die-landtagswahl-ergebnisse-wahlkreis-und-stadt","status":"publish","type":"post","link":"https:\/\/weberberg.de\/index.php\/2026\/03\/09\/biberach-und-die-landtagswahl-ergebnisse-wahlkreis-und-stadt\/","title":{"rendered":"Biberach und die Landtagswahl &#8211; Ergebnisse Wahlkreis und Stadt"},"content":{"rendered":"\n<p><strong><em>In der Stadt<\/em><\/strong> rund 69% Wahlbeteiligung. Bei den Erststimmen r\u00e4umte CDU Mann Thomas D\u00f6rflinger ab, er bekam 38,2 % aller W\u00e4hlerstimmen. Bei den Zweitstimmen gingen 34,6 % an die Gr\u00fcnen und rund 31% an die CDU. Die AfD bekam in der Stadt rund 16% sowohl bei den Erst- wie auch Zweitstimmen. Die SPD liegt bei den Erststimmen bei 8,2% und bei den Zweitstimmen unter 5%. <a href=\"https:\/\/wahlergebnisse.komm.one\/24\/produktion\/8426021\/0\/20260308\/landtagswahl_gemeinde_ohne_kwl\/index.html\">HIER zu den DETAILS.<\/a><\/p>\n\n\n\n<p><a href=\"https:\/\/wahlergebnisse.komm.one\/24\/produktion\/8426000\/0\/20260308\/landtagswahl_kwl_1_wk\/index.html\">Im Wahlkreis <\/a>lag die Beteiligung h\u00f6her und die AfD bekam deutlich mehr Stimmen:<\/p>\n\n\n\n<figure class=\"wp-block-image size-large\"><img loading=\"lazy\" decoding=\"async\" width=\"1024\" height=\"615\" src=\"https:\/\/weberberg.de\/wp-content\/uploads\/2026\/03\/Zweitstimmen-1024x615.jpg\" alt=\"\" class=\"wp-image-19832\" srcset=\"https:\/\/weberberg.de\/wp-content\/uploads\/2026\/03\/Zweitstimmen-1024x615.jpg 1024w, https:\/\/weberberg.de\/wp-content\/uploads\/2026\/03\/Zweitstimmen-300x180.jpg 300w, https:\/\/weberberg.de\/wp-content\/uploads\/2026\/03\/Zweitstimmen-768x461.jpg 768w, https:\/\/weberberg.de\/wp-content\/uploads\/2026\/03\/Zweitstimmen-50x30.jpg 50w, https:\/\/weberberg.de\/wp-content\/uploads\/2026\/03\/Zweitstimmen-60x36.jpg 60w, https:\/\/weberberg.de\/wp-content\/uploads\/2026\/03\/Zweitstimmen.jpg 1158w\" sizes=\"auto, (max-width: 1024px) 100vw, 1024px\" \/><figcaption class=\"wp-element-caption\">Zweitstimmen im Wahlkreis<\/figcaption><\/figure>\n","protected":false},"excerpt":{"rendered":"<p>In der Stadt rund 69% Wahlbeteiligung. Bei den Erststimmen r\u00e4umte CDU Mann Thomas D\u00f6rflinger ab, er bekam 38,2 % aller W\u00e4hlerstimmen. Bei den Zweitstimmen gingen 34,6 % an die Gr\u00fcnen und rund 31% an die CDU. Die AfD bekam in der Stadt rund 16% sowohl bei den Erst- wie auch Zweitstimmen. Die SPD liegt bei den Erststimmen bei 8,2% und bei den Zweitstimmen unter 5%. HIER zu den DETAILS. Im Wahlkreis lag die Beteiligung h\u00f6her und die AfD bekam deutlich mehr Stimmen:<\/p>\n","protected":false},"author":2,"featured_media":19833,"comment_status":"open","ping_status":"open","sticky":false,"template":"","format":"standard","meta":{"footnotes":""},"categories":[31],"tags":[],"class_list":["post-19831","post","type-post","status-publish","format-standard","has-post-thumbnail","hentry","category-news"],"_links":{"self":[{"href":"https:\/\/weberberg.de\/index.php\/wp-json\/wp\/v2\/posts\/19831","targetHints":{"allow":["GET"]}}],"collection":[{"href":"https:\/\/weberberg.de\/index.php\/wp-json\/wp\/v2\/posts"}],"about":[{"href":"https:\/\/weberberg.de\/index.php\/wp-json\/wp\/v2\/types\/post"}],"author":[{"embeddable":true,"href":"https:\/\/weberberg.de\/index.php\/wp-json\/wp\/v2\/users\/2"}],"replies":[{"embeddable":true,"href":"https:\/\/weberberg.de\/index.php\/wp-json\/wp\/v2\/comments?post=19831"}],"version-history":[{"count":1,"href":"https:\/\/weberberg.de\/index.php\/wp-json\/wp\/v2\/posts\/19831\/revisions"}],"predecessor-version":[{"id":19834,"href":"https:\/\/weberberg.de\/index.php\/wp-json\/wp\/v2\/posts\/19831\/revisions\/19834"}],"wp:featuredmedia":[{"embeddable":true,"href":"https:\/\/weberberg.de\/index.php\/wp-json\/wp\/v2\/media\/19833"}],"wp:attachment":[{"href":"https:\/\/weberberg.de\/index.php\/wp-json\/wp\/v2\/media?parent=19831"}],"wp:term":[{"taxonomy":"category","embeddable":true,"href":"https:\/\/weberberg.de\/index.php\/wp-json\/wp\/v2\/categories?post=19831"},{"taxonomy":"post_tag","embeddable":true,"href":"https:\/\/weberberg.de\/index.php\/wp-json\/wp\/v2\/tags?post=19831"}],"curies":[{"name":"wp","href":"https:\/\/api.w.org\/{rel}","templated":true}]}}