{"id":13287,"date":"2024-11-11T10:34:28","date_gmt":"2024-11-11T08:34:28","guid":{"rendered":"https:\/\/portal.weberberg.de\/?p=13287"},"modified":"2024-11-11T15:41:45","modified_gmt":"2024-11-11T13:41:45","slug":"buerokratieabbau-wie-wir-das-verstehen","status":"publish","type":"post","link":"https:\/\/weberberg.de\/index.php\/2024\/11\/11\/buerokratieabbau-wie-wir-das-verstehen\/","title":{"rendered":"B\u00fcrokratieabbau wie wir das verstehen&#8230;"},"content":{"rendered":"\n<p>Ja ganz einfach: F\u00fcllen sie doch mal ein Formular aus. Wer Fragen an den Gemeinderat oder die Stadtverwaltung hat darf auch in Zukunft fragen, sogar etwas mehr als fr\u00fcher, statt einer Frage darf man nun auch drei Fragen stellen. Immerhin. Die SPD berichtet in BiKo, dass die fr\u00fchere M\u00f6glichkeit der B\u00fcrgerfragen ja wegen Corona auf &#8222;elektronische Anfragen&#8220; ge\u00e4ndert worden sei. War das so? War es nicht ein bekannter Biberacher Architekt im Zusammenhang mit einem renovationsbed\u00fcrftigen Haus, der die Verwaltung so nervte, dass man die Fragen im Gemeinderat nicht mehr zulie\u00df? Bis vor kurzem musste oder konnte man dann per Mail Fragen stellen. <\/p>\n\n\n\n<p>Das ist jetzt ganz fortschrittlich ge\u00e4ndert worden: Nun kann oder muss man die Fragen online per &#8222;Formular&#8220; einreichen. Herzallerliebst. Als erg\u00e4nzende Ma\u00dfnahme ganz nett, aber im Ausschlu\u00dfverfahren alles andere als toll. Solche online Formulare sind nicht unbedingt beliebt und machen den Dialog nicht besser oder einfacher und vor allem ersetzt das keine &#8222;echte B\u00fcrgerfragestunde&#8220;, dass die fehlt hat die SPD im Gemeinderat immerhin schon mal bemerkt. Danke! Ach ja die n\u00e4chste Ziehung der B\u00fcrgerfragestundenfragen findet am Sonntag 17. November (kommenden Sonntag) statt. Bis dahin darf man noch den Formularbogen ausf\u00fcllen und abschicken. Beantwortet werden die Fragen dann am Montag, 18. November im Gemeinderat, wenn man vor Ort ist. In der Tat w\u00e4re eine &#8222;echte&#8220; B\u00fcrgerfragem\u00f6glichkeit wirklich wieder \u00fcberf\u00e4llig!<\/p>\n\n\n\n<figure class=\"wp-block-image size-full\"><img loading=\"lazy\" decoding=\"async\" width=\"1000\" height=\"484\" src=\"https:\/\/portal.weberberg.de\/wp-content\/uploads\/2024\/11\/Fragebogen-1.jpg\" alt=\"\" class=\"wp-image-13288\" srcset=\"https:\/\/weberberg.de\/wp-content\/uploads\/2024\/11\/Fragebogen-1.jpg 1000w, https:\/\/weberberg.de\/wp-content\/uploads\/2024\/11\/Fragebogen-1-300x145.jpg 300w, https:\/\/weberberg.de\/wp-content\/uploads\/2024\/11\/Fragebogen-1-768x372.jpg 768w, https:\/\/weberberg.de\/wp-content\/uploads\/2024\/11\/Fragebogen-1-60x29.jpg 60w\" sizes=\"auto, (max-width: 1000px) 100vw, 1000px\" \/><\/figure>\n\n\n\n<p><\/p>\n","protected":false},"excerpt":{"rendered":"<p>Ja ganz einfach: F\u00fcllen sie doch mal ein Formular aus. Wer Fragen an den Gemeinderat oder die Stadtverwaltung hat darf auch in Zukunft fragen, sogar etwas mehr als fr\u00fcher, statt einer Frage darf man nun auch drei Fragen stellen. Immerhin. Die SPD berichtet in BiKo, dass die fr\u00fchere M\u00f6glichkeit der B\u00fcrgerfragen ja wegen Corona auf &#8222;elektronische Anfragen&#8220; ge\u00e4ndert worden sei. War das so? War es nicht ein bekannter Biberacher Architekt im Zusammenhang mit einem renovationsbed\u00fcrftigen Haus, der die Verwaltung so nervte, dass man die Fragen im Gemeinderat nicht mehr zulie\u00df? Bis vor kurzem musste oder konnte man dann per Mail<\/p>\n","protected":false},"author":2,"featured_media":13292,"comment_status":"open","ping_status":"open","sticky":false,"template":"","format":"standard","meta":{"footnotes":""},"categories":[36],"tags":[],"class_list":["post-13287","post","type-post","status-publish","format-standard","has-post-thumbnail","hentry","category-hofberichterstattung"],"_links":{"self":[{"href":"https:\/\/weberberg.de\/index.php\/wp-json\/wp\/v2\/posts\/13287","targetHints":{"allow":["GET"]}}],"collection":[{"href":"https:\/\/weberberg.de\/index.php\/wp-json\/wp\/v2\/posts"}],"about":[{"href":"https:\/\/weberberg.de\/index.php\/wp-json\/wp\/v2\/types\/post"}],"author":[{"embeddable":true,"href":"https:\/\/weberberg.de\/index.php\/wp-json\/wp\/v2\/users\/2"}],"replies":[{"embeddable":true,"href":"https:\/\/weberberg.de\/index.php\/wp-json\/wp\/v2\/comments?post=13287"}],"version-history":[{"count":5,"href":"https:\/\/weberberg.de\/index.php\/wp-json\/wp\/v2\/posts\/13287\/revisions"}],"predecessor-version":[{"id":13313,"href":"https:\/\/weberberg.de\/index.php\/wp-json\/wp\/v2\/posts\/13287\/revisions\/13313"}],"wp:featuredmedia":[{"embeddable":true,"href":"https:\/\/weberberg.de\/index.php\/wp-json\/wp\/v2\/media\/13292"}],"wp:attachment":[{"href":"https:\/\/weberberg.de\/index.php\/wp-json\/wp\/v2\/media?parent=13287"}],"wp:term":[{"taxonomy":"category","embeddable":true,"href":"https:\/\/weberberg.de\/index.php\/wp-json\/wp\/v2\/categories?post=13287"},{"taxonomy":"post_tag","embeddable":true,"href":"https:\/\/weberberg.de\/index.php\/wp-json\/wp\/v2\/tags?post=13287"}],"curies":[{"name":"wp","href":"https:\/\/api.w.org\/{rel}","templated":true}]}}