{"id":11877,"date":"2024-06-06T12:44:56","date_gmt":"2024-06-06T10:44:56","guid":{"rendered":"https:\/\/portal.weberberg.de\/?p=11877"},"modified":"2024-06-06T12:44:56","modified_gmt":"2024-06-06T10:44:56","slug":"der-feuchte-traum-der-tuchhaendler-der-marktplatz-wie-er-fryher-einmal-war","status":"publish","type":"post","link":"https:\/\/weberberg.de\/index.php\/2024\/06\/06\/der-feuchte-traum-der-tuchhaendler-der-marktplatz-wie-er-fryher-einmal-war\/","title":{"rendered":"Der feuchte Traum der Tuchh\u00e4ndler: Der Marktplatz wie er fryher einmal war."},"content":{"rendered":"\n<p>Ein bemerkenswertes Bild aus dem Weberbergarchiv von 1974 &#8211; 50 Jahre alt. Der Biberacher Marktplatz, damals noch voller Potenz in jugendlicher Autofreundlichkeit. Potentielle Kunden stehen sich am Kleeblatthaus die F\u00fc\u00dfe platt und warten als Anhalter auf den n\u00e4chsten Porsche der sie die wenigen Meter bis in die geliebten Einkaufsh\u00e4user mitnimmt. Ein feuchter Traum f\u00fcr etablierte Gemeinder\u00e4te der alten Garde. Wunderbar, die eindeutig gelenkte Verkehrsrichtung auf den Marktplatz mit eleganter Abbiegem\u00f6glichkeit in Richtung Hotel Rad (abgebrannt) und damaliger Wochenblattredaktion, und &#8211; nat\u00fcrlich &#8211; Modefachgesch\u00e4ft Kolesch (drive in and buy out). Links verdeckt hinter den Blumenstrauss H\u00e4usern die Warth&#8217;sche Modeoase. Ein Dankesch\u00f6n an Frau Pachulke, die beim Aufr\u00e4umen auf dieses historische Bild gesto\u00dfen ist&#8230;   <\/p>\n","protected":false},"excerpt":{"rendered":"<p>Ein bemerkenswertes Bild aus dem Weberbergarchiv von 1974 &#8211; 50 Jahre alt. Der Biberacher Marktplatz, damals noch voller Potenz in jugendlicher Autofreundlichkeit. Potentielle Kunden stehen sich am Kleeblatthaus die F\u00fc\u00dfe platt und warten als Anhalter auf den n\u00e4chsten Porsche der sie die wenigen Meter bis in die geliebten Einkaufsh\u00e4user mitnimmt. Ein feuchter Traum f\u00fcr etablierte Gemeinder\u00e4te der alten Garde. Wunderbar, die eindeutig gelenkte Verkehrsrichtung auf den Marktplatz mit eleganter Abbiegem\u00f6glichkeit in Richtung Hotel Rad (abgebrannt) und damaliger Wochenblattredaktion, und &#8211; nat\u00fcrlich &#8211; Modefachgesch\u00e4ft Kolesch (drive in and buy out). Links verdeckt hinter den Blumenstrauss H\u00e4usern die Warth&#8217;sche Modeoase. Ein Dankesch\u00f6n<\/p>\n","protected":false},"author":2,"featured_media":11879,"comment_status":"open","ping_status":"open","sticky":false,"template":"","format":"standard","meta":{"footnotes":""},"categories":[35],"tags":[],"class_list":["post-11877","post","type-post","status-publish","format-standard","has-post-thumbnail","hentry","category-stadtkultur"],"_links":{"self":[{"href":"https:\/\/weberberg.de\/index.php\/wp-json\/wp\/v2\/posts\/11877","targetHints":{"allow":["GET"]}}],"collection":[{"href":"https:\/\/weberberg.de\/index.php\/wp-json\/wp\/v2\/posts"}],"about":[{"href":"https:\/\/weberberg.de\/index.php\/wp-json\/wp\/v2\/types\/post"}],"author":[{"embeddable":true,"href":"https:\/\/weberberg.de\/index.php\/wp-json\/wp\/v2\/users\/2"}],"replies":[{"embeddable":true,"href":"https:\/\/weberberg.de\/index.php\/wp-json\/wp\/v2\/comments?post=11877"}],"version-history":[{"count":1,"href":"https:\/\/weberberg.de\/index.php\/wp-json\/wp\/v2\/posts\/11877\/revisions"}],"predecessor-version":[{"id":11880,"href":"https:\/\/weberberg.de\/index.php\/wp-json\/wp\/v2\/posts\/11877\/revisions\/11880"}],"wp:featuredmedia":[{"embeddable":true,"href":"https:\/\/weberberg.de\/index.php\/wp-json\/wp\/v2\/media\/11879"}],"wp:attachment":[{"href":"https:\/\/weberberg.de\/index.php\/wp-json\/wp\/v2\/media?parent=11877"}],"wp:term":[{"taxonomy":"category","embeddable":true,"href":"https:\/\/weberberg.de\/index.php\/wp-json\/wp\/v2\/categories?post=11877"},{"taxonomy":"post_tag","embeddable":true,"href":"https:\/\/weberberg.de\/index.php\/wp-json\/wp\/v2\/tags?post=11877"}],"curies":[{"name":"wp","href":"https:\/\/api.w.org\/{rel}","templated":true}]}}